{"id":188,"date":"2021-01-30T11:19:42","date_gmt":"2021-01-30T10:19:42","guid":{"rendered":"http:\/\/jeanracine.org\/cijr\/?p=188"},"modified":"2021-02-07T09:29:39","modified_gmt":"2021-02-07T08:29:39","slug":"racine-en-12-questions-par-jean-rohou","status":"publish","type":"post","link":"http:\/\/jeanracine.org\/cijr\/2021\/01\/30\/racine-en-12-questions-par-jean-rohou\/","title":{"rendered":"Racine en 12 questions, par Jean Rohou"},"content":{"rendered":"<p class=\"partitre\">Jean Rohou, <em>Racine en 12 questions<\/em>, Presses universitaires de Rennes, 2020<\/p>\n<div id=\"textefiches2\" class=\"fiche\">\n<div class=\"parfiches\">\n<p style=\"text-align: justify;\">Ce petit livre rassemble pour la premi\u00e8re fois sous une forme tr\u00e8s accessible les r\u00e9ponses \u00e0 douze questions n\u00e9cessaires pour bien comprendre Racine. Certaines font l\u2019unanimit\u00e9 des sp\u00e9cialistes, d&rsquo;autres sont des propositions personnelles de l&rsquo;auteur, pr\u00e9cis\u00e9ment argument\u00e9es\u00a0: Quelle est la place des passions dans la vie de Jean Racine\u00a0? Son \u0153uvre est-elle l\u2019expression d\u2019une vision tragique\u00a0? Y a-t-il une unit\u00e9 et une \u00e9volution de cette \u0153uvre\u00a0?<\/p>\n<p class=\"parcartelfiche\"><span class=\"txtcategories\">Format :<\/span>\u00a014 x 20,5 cm<br \/>\n<span class=\"txtcategories\">Nombre de pages :<\/span>\u00a0134 p.<br \/>\n<span class=\"txtcategories\">ISBN :<\/span>\u00a0978-2-7535-7432-8<br \/>\n<span class=\"txtcategories\">Disponibilit\u00e9 :<\/span>\u00a0en librairie<br \/>\n<span class=\"txtcategories\">Prix :\u00a0<\/span>15,00 \u20ac<\/p>\n<\/div>\n<p>&nbsp;<\/p>\n<\/div>\n","protected":false},"excerpt":{"rendered":"<p>Jean Rohou, Racine en 12 questions, Presses universitaires de Rennes, 2020 Ce petit livre rassemble pour la premi\u00e8re fois sous une forme tr\u00e8s accessible les r\u00e9ponses \u00e0 douze questions n\u00e9cessaires pour bien comprendre Racine. Certaines font l\u2019unanimit\u00e9 des sp\u00e9cialistes, d&rsquo;autres sont des propositions personnelles de l&rsquo;auteur, pr\u00e9cis\u00e9ment argument\u00e9es\u00a0: Quelle est la place des passions dans &hellip; <a href=\"http:\/\/jeanracine.org\/cijr\/2021\/01\/30\/racine-en-12-questions-par-jean-rohou\/\" class=\"more-link\">Continuer la lecture de <span class=\"screen-reader-text\">Racine en 12 questions, par Jean Rohou<\/span>  <span class=\"meta-nav\">&rarr;<\/span><\/a><\/p>\n","protected":false},"author":1,"featured_media":189,"comment_status":"closed","ping_status":"open","sticky":false,"template":"","format":"standard","meta":{"spay_email":"","footnotes":"","jetpack_publicize_message":"","jetpack_is_tweetstorm":false,"jetpack_publicize_feature_enabled":true},"categories":[16],"tags":[17],"class_list":["post-188","post","type-post","status-publish","format-standard","has-post-thumbnail","hentry","category-actualites","tag-publication"],"jetpack_featured_media_url":"http:\/\/jeanracine.org\/cijr\/wp-content\/uploads\/2021\/01\/1594889272.jpg","jetpack_publicize_connections":[],"jetpack_sharing_enabled":true,"_links":{"self":[{"href":"http:\/\/jeanracine.org\/cijr\/wp-json\/wp\/v2\/posts\/188","targetHints":{"allow":["GET"]}}],"collection":[{"href":"http:\/\/jeanracine.org\/cijr\/wp-json\/wp\/v2\/posts"}],"about":[{"href":"http:\/\/jeanracine.org\/cijr\/wp-json\/wp\/v2\/types\/post"}],"author":[{"embeddable":true,"href":"http:\/\/jeanracine.org\/cijr\/wp-json\/wp\/v2\/users\/1"}],"replies":[{"embeddable":true,"href":"http:\/\/jeanracine.org\/cijr\/wp-json\/wp\/v2\/comments?post=188"}],"version-history":[{"count":3,"href":"http:\/\/jeanracine.org\/cijr\/wp-json\/wp\/v2\/posts\/188\/revisions"}],"predecessor-version":[{"id":351,"href":"http:\/\/jeanracine.org\/cijr\/wp-json\/wp\/v2\/posts\/188\/revisions\/351"}],"wp:featuredmedia":[{"embeddable":true,"href":"http:\/\/jeanracine.org\/cijr\/wp-json\/wp\/v2\/media\/189"}],"wp:attachment":[{"href":"http:\/\/jeanracine.org\/cijr\/wp-json\/wp\/v2\/media?parent=188"}],"wp:term":[{"taxonomy":"category","embeddable":true,"href":"http:\/\/jeanracine.org\/cijr\/wp-json\/wp\/v2\/categories?post=188"},{"taxonomy":"post_tag","embeddable":true,"href":"http:\/\/jeanracine.org\/cijr\/wp-json\/wp\/v2\/tags?post=188"}],"curies":[{"name":"wp","href":"https:\/\/api.w.org\/{rel}","templated":true}]}}