{"id":523,"date":"2021-02-11T20:40:10","date_gmt":"2021-02-11T19:40:10","guid":{"rendered":"http:\/\/jeanracine.org\/cijr\/?p=523"},"modified":"2021-02-11T20:57:04","modified_gmt":"2021-02-11T19:57:04","slug":"amasie-par-erwan-quemener","status":"publish","type":"post","link":"http:\/\/jeanracine.org\/cijr\/2021\/02\/11\/amasie-par-erwan-quemener\/","title":{"rendered":"Amasie, par Erwan Quemener"},"content":{"rendered":"<p style=\"text-align: justify;\"><em>Amasie<\/em> est le nom de la premi\u00e8re \u0153uvre th\u00e9\u00e2trale de Racine, jamais repr\u00e9sent\u00e9e, dont il n\u2019a subsist\u00e9 ni le texte ni l\u2019argument.<\/p>\n<p style=\"text-align: justify;\">Erwan Quemener propose ici une trag\u00e9die en cinq actes et en vers, qui ne vise pas \u00e0 reconstituer la pi\u00e8ce disparue, mais se pr\u00e9sente plut\u00f4t comme une r\u00eaverie sur un titre, doubl\u00e9e d&rsquo;un\u00a0<em>\u00e0 la mani\u00e8re<\/em>\u00a0<em>de<\/em> dont les vers rappellent la po\u00e9sie racinienne.<\/p>\n<blockquote><p><span style=\"font-size: 12pt;\">Fille de sang royal brillant de mille attraits<\/span><br \/>\n<span style=\"font-size: 12pt;\">Elle erre en prisonni\u00e8re au sein de ce palais,<\/span><br \/>\n<span style=\"font-size: 12pt;\">Pleurant incessamment sa longue solitude,<\/span><br \/>\n<span style=\"font-size: 12pt;\">M\u00e9ditant le pouvoir et sa sollicitude&#8230;<\/span><\/p><\/blockquote>\n<p style=\"text-align: justify;\">L\u2019intrigue s\u2019articule ici autour d\u2019Amasie (Ahm\u00f4sis II), roi d\u2019\u00c9gypte au VI<sup>e\u00a0<\/sup>si\u00e8cle avant notre \u00e8re, qui peine \u00e0 consolider son pouvoir, menac\u00e9 par une guerre imminente et par le complot ourdi contre lui par le grand-pr\u00eatre Espis et le ministre An\u00e9thor. Pourtant, son esprit est accapar\u00e9 par Ouneste, la femme \u00e0 qui il voue un amour r\u00e9ciproque, et qui est la propre s\u0153ur d\u2019Espis.<br \/>\nL\u2019impatience, la jalousie et quelques malentendus conduiront tous ces personnages \u00e0 prendre des d\u00e9cisions radicales qui mettront en danger leur amour, leur vie, et jusqu\u2019\u00e0 l\u2019\u00c9gypte\u2026<br \/>\nCette pi\u00e8ce s\u2019inspire de la langue et des personnages des trag\u00e9dies classiques pour restituer une atmosph\u00e8re que Racine lui-m\u00eame n\u2019aurait pas reni\u00e9e, en les pla\u00e7ant finement au c\u0153ur de probl\u00e9matiques intemporelles.<\/p>\n<p style=\"text-align: justify;\"><em>Erwan Quemener est n\u00e9 \u00e0 Paris en 1989. Passionn\u00e9 de culture classique, particuli\u00e8rement les Lettres et l\u2019Histoire, il est \u00e9galement laur\u00e9at des Dicos d\u2019Or (cat\u00e9gorie cadets) en 2002. Apr\u00e8s des \u00e9tudes d\u2019ing\u00e9nieur, il partage son temps entre l\u2019\u00e9criture et son activit\u00e9 professionnelle dans le secteur bancaire.\u00a0Amasie\u00a0est, apr\u00e8s\u00a0Sophonisbe, son deuxi\u00e8me ouvrage paru aux \u00e9ditions Pers\u00e9e.<\/em><\/p>\n<ul>\n<li>Editeur: Pers\u00e9e<\/li>\n<li>Date de parution: 08\/01\/2020<\/li>\n<li>Poids: 0,1150kg<\/li>\n<li>EAN: 978-2823129526<\/li>\n<li>Prix: 10\u20ac50<\/li>\n<\/ul>\n","protected":false},"excerpt":{"rendered":"<p>Amasie est le nom de la premi\u00e8re \u0153uvre th\u00e9\u00e2trale de Racine, jamais repr\u00e9sent\u00e9e, dont il n\u2019a subsist\u00e9 ni le texte ni l\u2019argument. Erwan Quemener propose ici une trag\u00e9die en cinq actes et en vers, qui ne vise pas \u00e0 reconstituer la pi\u00e8ce disparue, mais se pr\u00e9sente plut\u00f4t comme une r\u00eaverie sur un titre, doubl\u00e9e d&rsquo;un\u00a0\u00e0 &hellip; <a href=\"http:\/\/jeanracine.org\/cijr\/2021\/02\/11\/amasie-par-erwan-quemener\/\" class=\"more-link\">Continuer la lecture de <span class=\"screen-reader-text\">Amasie, par Erwan Quemener<\/span>  <span class=\"meta-nav\">&rarr;<\/span><\/a><\/p>\n","protected":false},"author":1,"featured_media":524,"comment_status":"open","ping_status":"open","sticky":false,"template":"","format":"standard","meta":{"spay_email":"","footnotes":"","jetpack_publicize_message":"","jetpack_is_tweetstorm":false,"jetpack_publicize_feature_enabled":true},"categories":[16],"tags":[17],"class_list":["post-523","post","type-post","status-publish","format-standard","has-post-thumbnail","hentry","category-actualites","tag-publication"],"jetpack_featured_media_url":"http:\/\/jeanracine.org\/cijr\/wp-content\/uploads\/2021\/02\/Amasie.jpg","jetpack_publicize_connections":[],"jetpack_sharing_enabled":true,"_links":{"self":[{"href":"http:\/\/jeanracine.org\/cijr\/wp-json\/wp\/v2\/posts\/523","targetHints":{"allow":["GET"]}}],"collection":[{"href":"http:\/\/jeanracine.org\/cijr\/wp-json\/wp\/v2\/posts"}],"about":[{"href":"http:\/\/jeanracine.org\/cijr\/wp-json\/wp\/v2\/types\/post"}],"author":[{"embeddable":true,"href":"http:\/\/jeanracine.org\/cijr\/wp-json\/wp\/v2\/users\/1"}],"replies":[{"embeddable":true,"href":"http:\/\/jeanracine.org\/cijr\/wp-json\/wp\/v2\/comments?post=523"}],"version-history":[{"count":5,"href":"http:\/\/jeanracine.org\/cijr\/wp-json\/wp\/v2\/posts\/523\/revisions"}],"predecessor-version":[{"id":529,"href":"http:\/\/jeanracine.org\/cijr\/wp-json\/wp\/v2\/posts\/523\/revisions\/529"}],"wp:featuredmedia":[{"embeddable":true,"href":"http:\/\/jeanracine.org\/cijr\/wp-json\/wp\/v2\/media\/524"}],"wp:attachment":[{"href":"http:\/\/jeanracine.org\/cijr\/wp-json\/wp\/v2\/media?parent=523"}],"wp:term":[{"taxonomy":"category","embeddable":true,"href":"http:\/\/jeanracine.org\/cijr\/wp-json\/wp\/v2\/categories?post=523"},{"taxonomy":"post_tag","embeddable":true,"href":"http:\/\/jeanracine.org\/cijr\/wp-json\/wp\/v2\/tags?post=523"}],"curies":[{"name":"wp","href":"https:\/\/api.w.org\/{rel}","templated":true}]}}